{"id":8345,"date":"2025-06-30T23:11:33","date_gmt":"2025-06-30T22:11:33","guid":{"rendered":"https:\/\/recode.law\/?p=8345"},"modified":"2025-06-30T23:13:40","modified_gmt":"2025-06-30T22:13:40","slug":"wir-sind-der-neue-vorstand-2025-26","status":"publish","type":"post","link":"https:\/\/recode.law\/en\/wir-sind-der-neue-vorstand-2025-26\/","title":{"rendered":"Wir sind der neue Vorstand 2025\/26!"},"content":{"rendered":"<div class=\"flex basis-auto flex-col -mb-(--composer-overlap-px) [--composer-overlap-px:55px] grow overflow-hidden\">\n<div class=\"relative h-full\">\n<div class=\"flex h-full flex-col overflow-y-auto [scrollbar-gutter:stable_both-edges] @[84rem]\/thread:pt-(--header-height)\">\n<div class=\"@thread-xl\/thread:pt-header-height flex flex-col text-sm pb-25\">\n<article class=\"text-token-text-primary w-full\" dir=\"auto\" data-testid=\"conversation-turn-16\" data-scroll-anchor=\"true\">\n<div class=\"text-base my-auto mx-auto py-5 [--thread-content-margin:--spacing(4)] @[37rem]:[--thread-content-margin:--spacing(6)] @[72rem]:[--thread-content-margin:--spacing(16)] px-(--thread-content-margin)\">\n<div class=\"[--thread-content-max-width:32rem] @[34rem]:[--thread-content-max-width:40rem] @[64rem]:[--thread-content-max-width:48rem] mx-auto flex max-w-(--thread-content-max-width) flex-1 text-base gap-4 md:gap-5 lg:gap-6 group\/turn-messages focus-visible:outline-hidden\">\n<div class=\"group\/conversation-turn relative flex w-full min-w-0 flex-col agent-turn\">\n<div class=\"relative flex-col gap-1 md:gap-3\">\n<div class=\"flex max-w-full flex-col grow\">\n<div class=\"min-h-8 text-message relative flex w-full flex-col items-end gap-2 text-start break-words whitespace-normal [.text-message+&amp;]:mt-5\" dir=\"auto\" data-message-author-role=\"assistant\" data-message-id=\"92d10fec-2e24-4638-9364-d6da6fcc6729\" data-message-model-slug=\"gpt-4o\">\n<div class=\"flex w-full flex-col gap-1 empty:hidden first:pt-[3px]\">\n<div class=\"markdown prose dark:prose-invert w-full break-words dark\">\n<p data-start=\"273\" data-end=\"371\">Wir freuen uns, uns als neuer Vorstand von <strong data-start=\"316\" data-end=\"330\">recode.law<\/strong> f\u00fcr die Amtszeit 2025\/2026 vorzustellen.<\/p>\n<p data-start=\"373\" data-end=\"663\">Am Wochenende vom 27. bis 29. Juni 2025 haben wir uns zum gemeinsamen Retreat getroffen \u2013 Tage voller Austausch, Planung, Strategie und recode-Spirit. Dabei haben wir nicht nur unsere Zust\u00e4ndigkeiten gesch\u00e4rft, sondern auch konkrete Ideen und Ziele f\u00fcr die kommenden Monate entwickelt.<\/p>\n<p data-start=\"665\" data-end=\"690\">Unser Team besteht aus:<\/p>\n<ul data-start=\"691\" data-end=\"987\">\n<li data-start=\"691\" data-end=\"784\">\n<p data-start=\"693\" data-end=\"784\"><a href=\"https:\/\/www.linkedin.com\/in\/katharina-sophie-hertel-a169281b8\/\" rel=\"nofollow noopener\" target=\"_blank\"><strong data-start=\"693\" data-end=\"713\">Katharina Sophie<\/strong><\/a> \u2013 Vorstandsvorsitzende f\u00fcr General Management &amp; Business Development<\/p>\n<\/li>\n<li data-start=\"785\" data-end=\"824\">\n<p data-start=\"787\" data-end=\"824\"><a href=\"https:\/\/www.linkedin.com\/in\/magacs\/\" rel=\"nofollow noopener\" target=\"_blank\"><strong data-start=\"787\" data-end=\"796\">Marco<\/strong><\/a> \u2013 f\u00fcr Academics &amp; Content<\/p>\n<\/li>\n<li data-start=\"825\" data-end=\"863\">\n<p data-start=\"827\" data-end=\"863\"><a href=\"https:\/\/www.linkedin.com\/in\/tim-roesch\/\" rel=\"nofollow noopener\" target=\"_blank\"><strong data-start=\"827\" data-end=\"834\">Tim<\/strong> <\/a>\u2013 f\u00fcr Compliance &amp; Finance<\/p>\n<\/li>\n<li data-start=\"864\" data-end=\"889\">\n<p data-start=\"866\" data-end=\"889\"><a href=\"https:\/\/www.linkedin.com\/in\/lena-sigel-4237512a2\/\" rel=\"nofollow noopener\" target=\"_blank\"><strong data-start=\"866\" data-end=\"874\">Lena <\/strong><\/a>und<a href=\"https:\/\/www.linkedin.com\/in\/helena-broj-ba4a61237\/\" rel=\"nofollow noopener\" target=\"_blank\"><strong data-start=\"866\" data-end=\"874\"> Helena<\/strong><\/a>\u00a0\u2013 f\u00fcr Events<\/p>\n<\/li>\n<li data-start=\"923\" data-end=\"956\">\n<p data-start=\"925\" data-end=\"956\"><a href=\"https:\/\/www.linkedin.com\/in\/philipp-mayr-552327153\/\" rel=\"nofollow noopener\" target=\"_blank\"><strong data-start=\"925\" data-end=\"936\">Philipp<\/strong><\/a> \u2013 f\u00fcr HR &amp; People<\/p>\n<\/li>\n<li data-start=\"957\" data-end=\"987\">\n<p data-start=\"959\" data-end=\"987\"><a href=\"https:\/\/www.linkedin.com\/in\/victoria-burger-3378182a5\/\" rel=\"nofollow noopener\" target=\"_blank\"><strong data-start=\"959\" data-end=\"971\">Victoria<\/strong><\/a> \u2013 f\u00fcr Marketing<\/p>\n<\/li>\n<\/ul>\n<p data-start=\"989\" data-end=\"1213\">Gemeinsam m\u00f6chten wir recode.law als Plattform f\u00fcr kritischen, kreativen und interdisziplin\u00e4ren Diskurs weiter st\u00e4rken. Ob Events, Community Building oder digitale Bildung \u2013 wir wollen Impulse setzen, vernetzen und gestalten.<\/p>\n<p data-start=\"989\" data-end=\"1213\">Ein herzliches Dankesch\u00f6n gilt dem vorherigen Vorstand f\u00fcr das gro\u00dfartige Engagement und die reibungslose \u00dcbergabe.<\/p>\n<p data-start=\"1215\" data-end=\"1342\">Wir freuen uns auf ein spannendes Jahr mit vielen Projekten, Begegnungen und gemeinsamen Momenten.<\/p>\n<p data-start=\"1215\" data-end=\"1342\">Let\u00b4s recode.law &#8211;\u00a0 digital thinking for the legal world!<\/p>\n<p data-start=\"1215\" data-end=\"1342\">\n<\/div>\n<\/div>\n<\/div>\n<\/div>\n<\/div>\n<div class=\"aria-live=polite absolute\">\n<div class=\"flex items-center justify-center\"><\/div>\n<\/div>\n<\/div>\n<\/div>\n<\/div>\n<\/article>\n<div class=\"pointer-events-none h-px w-px\" aria-hidden=\"true\" data-edge=\"true\"><\/div>\n<div><\/div>\n<div><\/div>\n<\/div>\n<\/div>\n<\/div>\n<\/div>\n<div id=\"thread-bottom-container\" class=\"content-fade relative isolate z-10 w-full basis-auto has-data-has-thread-error:pt-2 has-data-has-thread-error:[box-shadow:var(--sharp-edge-bottom-shadow)] md:border-transparent md:pt-0 dark:border-white\/20 md:dark:border-transparent flex flex-col\">\n<div id=\"thread-bottom\">\n<div class=\"text-base mx-auto [--thread-content-margin:--spacing(4)] @[37rem]:[--thread-content-margin:--spacing(6)] @[72rem]:[--thread-content-margin:--spacing(16)] px-(--thread-content-margin)\">\n<div class=\"[--thread-content-max-width:32rem] @[34rem]:[--thread-content-max-width:40rem] @[64rem]:[--thread-content-max-width:48rem] mx-auto flex max-w-(--thread-content-max-width) flex-1 text-base gap-4 md:gap-5 lg:gap-6\">\n<div class=\"flex justify-center empty:hidden\"><\/div>\n<div class=\"max-xs:[--force-hide-label:none] relative z-1 flex h-full max-w-full flex-1 flex-col\" role=\"button\" aria-expanded=\"false\" aria-controls=\"radix-\u00abr2s\u00bb\" data-state=\"closed\">\n<div class=\"absolute start-0 end-0 bottom-full z-20\"><\/div>\n<div class=\"bg-token-bg-primary flex w-full cursor-text flex-col items-center justify-center overflow-clip bg-clip-padding contain-inline-size dark:bg-[#303030] shadow-short rounded-[28px]\">\n<div class=\"relative flex w-full items-end px-2.5 py-2.5\">\n<div class=\"relative flex w-full flex-auto flex-col\">\n<div class=\"relative mx-2.5 grid grid-cols-[auto_minmax(0,1fr)]\">\n<div class=\"items-top flex justify-center\">\n<div><\/div>\n<\/div>\n<\/div>\n<\/div>\n<\/div>\n<\/div>\n<\/div>\n<\/div>\n<\/div>\n<\/div>\n<\/div>","protected":false},"excerpt":{"rendered":"<p>Wir freuen uns, uns als neuer Vorstand von recode.law f\u00fcr die Amtszeit 2025\/2026 vorzustellen. Am Wochenende vom 27. bis 29. Juni 2025 haben wir uns zum gemeinsamen Retreat getroffen \u2013 Tage voller Austausch, Planung, Strategie und recode-Spirit. Dabei haben wir nicht nur unsere Zust\u00e4ndigkeiten gesch\u00e4rft, sondern auch konkrete Ideen und Ziele f\u00fcr die kommenden Monate [&hellip;]<\/p>","protected":false},"author":201,"featured_media":8346,"comment_status":"closed","ping_status":"open","sticky":false,"template":"","format":"standard","meta":{"_acf_changed":false,"_lmt_disableupdate":"no","_lmt_disable":"no","footnotes":""},"categories":[62,47],"tags":[],"class_list":["post-8345","post","type-post","status-publish","format-standard","has-post-thumbnail","hentry","category-berichte","category-news"],"acf":[],"modified_by":"Victoria Burger","_links":{"self":[{"href":"https:\/\/recode.law\/en\/wp-json\/wp\/v2\/posts\/8345","targetHints":{"allow":["GET"]}}],"collection":[{"href":"https:\/\/recode.law\/en\/wp-json\/wp\/v2\/posts"}],"about":[{"href":"https:\/\/recode.law\/en\/wp-json\/wp\/v2\/types\/post"}],"author":[{"embeddable":true,"href":"https:\/\/recode.law\/en\/wp-json\/wp\/v2\/users\/201"}],"replies":[{"embeddable":true,"href":"https:\/\/recode.law\/en\/wp-json\/wp\/v2\/comments?post=8345"}],"version-history":[{"count":2,"href":"https:\/\/recode.law\/en\/wp-json\/wp\/v2\/posts\/8345\/revisions"}],"predecessor-version":[{"id":8348,"href":"https:\/\/recode.law\/en\/wp-json\/wp\/v2\/posts\/8345\/revisions\/8348"}],"wp:featuredmedia":[{"embeddable":true,"href":"https:\/\/recode.law\/en\/wp-json\/wp\/v2\/media\/8346"}],"wp:attachment":[{"href":"https:\/\/recode.law\/en\/wp-json\/wp\/v2\/media?parent=8345"}],"wp:term":[{"taxonomy":"category","embeddable":true,"href":"https:\/\/recode.law\/en\/wp-json\/wp\/v2\/categories?post=8345"},{"taxonomy":"post_tag","embeddable":true,"href":"https:\/\/recode.law\/en\/wp-json\/wp\/v2\/tags?post=8345"}],"curies":[{"name":"wp","href":"https:\/\/api.w.org\/{rel}","templated":true}]}}